{"id":6045,"date":"2024-04-10T14:12:59","date_gmt":"2024-04-10T14:12:59","guid":{"rendered":"https:\/\/claus-von-benz.com\/?p=6045"},"modified":"2024-04-10T14:23:08","modified_gmt":"2024-04-10T14:23:08","slug":"el-precio-de-la-vivienda-en-mallorca-solo-puede-subir-al-menos-en-2024","status":"publish","type":"post","link":"https:\/\/claus-von-benz.com\/es\/el-precio-de-la-vivienda-en-mallorca-solo-puede-subir-al-menos-en-2024\/","title":{"rendered":"\u00bfPrecios inmobiliarios en Mallorca? El \u00fanico camino es hacia arriba - al menos en 2024"},"content":{"rendered":"<p>El mercado inmobiliario de Baleares est\u00e1 experimentando un notable repunte, m\u00e1s fuerte que en ninguna otra regi\u00f3n espa\u00f1ola. En el primer trimestre de 2024, los precios de las viviendas nuevas y de segunda mano aumentaron un 8,3% interanual.<\/p>\n\n\n\n<p>Este impulso sit\u00faa a las Islas Baleares, y a Palma en particular, como las \u00fanicas zonas de Espa\u00f1a donde los precios de la vivienda siguen siendo significativamente m\u00e1s altos que durante el boom de la d\u00e9cada de 2000. A pesar de un aumento medio a nivel nacional del 3,3 por ciento en comparaci\u00f3n con el a\u00f1o anterior, Mallorca ha registrado el mayor aumento de todos los precios inmobiliarios espa\u00f1oles, lo que hace que la isla sea especialmente atractiva para los inversores y compradores de propiedades.<\/p>\n\n\n\n<p>Claus von Benz prev\u00e9 una nueva evoluci\u00f3n positiva del mercado, favorecida por la esperada bajada de los tipos de inter\u00e9s (Euribor). Creemos que es posible que los aumentos de precios de 7-10 % al a\u00f1o sean la norma en 2024, 2025 y 2026.<\/p>","protected":false},"excerpt":{"rendered":"<p>El mercado inmobiliario de Baleares est\u00e1 experimentando un notable repunte, m\u00e1s fuerte que en ninguna otra regi\u00f3n espa\u00f1ola. En el primer trimestre de 2024, los precios de las viviendas nuevas y de segunda mano aumentaron un 8,3% interanual. Este impulso posiciona a Baleares, y a Palma en particular, como las \u00fanicas zonas de Espa\u00f1a donde los precios de la vivienda est\u00e1n incluso muy por encima [...]<\/p>","protected":false},"author":2,"featured_media":6048,"comment_status":"closed","ping_status":"open","sticky":false,"template":"","format":"standard","meta":{"_seopress_robots_primary_cat":"none","_seopress_titles_title":"","_seopress_titles_desc":"","_seopress_robots_index":"","om_disable_all_campaigns":false,"_uf_show_specific_survey":0,"_uf_disable_surveys":false,"footnotes":""},"categories":[74,77],"tags":[73,76],"class_list":["post-6045","post","type-post","status-publish","format-standard","has-post-thumbnail","hentry","category-immobilie-kaufen","category-mallorca","tag-immobilie-kaufen","tag-mallorca"],"_links":{"self":[{"href":"https:\/\/claus-von-benz.com\/es\/wp-json\/wp\/v2\/posts\/6045","targetHints":{"allow":["GET"]}}],"collection":[{"href":"https:\/\/claus-von-benz.com\/es\/wp-json\/wp\/v2\/posts"}],"about":[{"href":"https:\/\/claus-von-benz.com\/es\/wp-json\/wp\/v2\/types\/post"}],"author":[{"embeddable":true,"href":"https:\/\/claus-von-benz.com\/es\/wp-json\/wp\/v2\/users\/2"}],"replies":[{"embeddable":true,"href":"https:\/\/claus-von-benz.com\/es\/wp-json\/wp\/v2\/comments?post=6045"}],"version-history":[{"count":1,"href":"https:\/\/claus-von-benz.com\/es\/wp-json\/wp\/v2\/posts\/6045\/revisions"}],"predecessor-version":[{"id":6049,"href":"https:\/\/claus-von-benz.com\/es\/wp-json\/wp\/v2\/posts\/6045\/revisions\/6049"}],"wp:featuredmedia":[{"embeddable":true,"href":"https:\/\/claus-von-benz.com\/es\/wp-json\/wp\/v2\/media\/6048"}],"wp:attachment":[{"href":"https:\/\/claus-von-benz.com\/es\/wp-json\/wp\/v2\/media?parent=6045"}],"wp:term":[{"taxonomy":"category","embeddable":true,"href":"https:\/\/claus-von-benz.com\/es\/wp-json\/wp\/v2\/categories?post=6045"},{"taxonomy":"post_tag","embeddable":true,"href":"https:\/\/claus-von-benz.com\/es\/wp-json\/wp\/v2\/tags?post=6045"}],"curies":[{"name":"wp","href":"https:\/\/api.w.org\/{rel}","templated":true}]}}